{"id":304,"date":"2023-11-21T18:43:32","date_gmt":"2023-11-21T18:43:32","guid":{"rendered":"https:\/\/externatofernandopessoa.pt\/?p=304"},"modified":"2024-02-21T11:22:00","modified_gmt":"2024-02-21T11:22:00","slug":"porque-escolher-a-educacao-do-externato-fernando-pessoa","status":"publish","type":"post","link":"https:\/\/externatofernandopessoa.pt\/en\/porque-escolher-a-educacao-do-externato-fernando-pessoa\/","title":{"rendered":"Porque escolher a educa\u00e7\u00e3o do Externato Fernando Pessoa"},"content":{"rendered":"<p>Escolher a educa\u00e7\u00e3o para os seus filhos \u00e9 um ato de coragem, \u00e9 decidir apoiar o desenvolvimento das nossas crian\u00e7as de uma forma mais profunda e significativa. Especialmente quando a escolha \u00e9 o Externato Fernando Pessoa. \ud83d\udcda\u2728<\/p>\n\n\n\n<p>Sabemos que a educa\u00e7\u00e3o n\u00e3o se limita ao ensino apenas de conceitos acad\u00e9micos. Trata-se de qualificar o indiv\u00edduo na sua totalidade, nos aspectos cognitivos, emocionais e sociais. \u00c9 disso que a educa\u00e7\u00e3o do Externato Fernando Pessoa se trata: de um ensino 360\u00ba.<\/p>\n\n\n\n<p>N\u00e3o \u00e9 sobre memorizar datas ou longas f\u00f3rmulas. \u00c9 sobre estimular a curiosidade, o pensamento cr\u00edtico e a habilidade de aprendizagem aut\u00f3noma. N\u00e3o \u00e9 sobre apenas formar crian\u00e7as para serem melhores indiv\u00edduos, mas sim formar cidad\u00e3os competentes, conscientes e capazes de transformar a sociedade para melhor. \ud83c\udf0e\ud83d\udcab<\/p>\n\n\n\n<p>Ao escolher a educa\u00e7\u00e3o do Externato Fernando Pessoa, ter\u00e1 um papel muito relevante na forma\u00e7\u00e3o dos seus filhos. Ser\u00e1 o respons\u00e1vel por fornecer as ferramentas necess\u00e1rias para que eles possam escrever seus pr\u00f3prios caminhos e suas hist\u00f3rias de sucesso. Uma responsabilidade imensa, sim! Mas, acima de tudo, recompensadora.<\/p>\n\n\n\n<p>S\u00e3o esses os privil\u00e9gios de escolher o Fernando Pessoa, de estar cercado por uma comunidade que acredita no poder da educa\u00e7\u00e3o, que inspira e estimula a busca pelo conhecimento, que v\u00ea em cada aluno n\u00e3o apenas um espectador, mas o protagonista da sua pr\u00f3pria jornada.<\/p>\n\n\n\n<p>Escolher a educa\u00e7\u00e3o \u00e9, antes de tudo, um ato de amor. E amar \u00e9 acreditar no sem fim das possibilidades! Assim como Fernando Pessoa, acreditamos que &#8220;Tudo vale a pena quando a alma n\u00e3o \u00e9 pequena&#8221;. Nunca \u00e9 tarde para escolher a educa\u00e7\u00e3o, e escolher Fernando Pessoa. E assim, fazer a diferen\u00e7a na vida dos seus filhos. \ud83c\udf1f\ud83d\udc4a<\/p>\n\n\n\n<p>Esperamos por voc\u00ea! Juntos, construiremos um futuro deslumbrante! #FernandoPessoa #Educa\u00e7\u00e3o #Futuro<\/p>","protected":false},"excerpt":{"rendered":"<p>Escolher a educa\u00e7\u00e3o para os seus filhos \u00e9 um ato de coragem, \u00e9 decidir apoiar o desenvolvimento das nossas crian\u00e7as de uma forma mais profunda e significativa. Especialmente quando a escolha \u00e9 o Externato Fernando Pessoa. \ud83d\udcda\u2728 Sabemos que a educa\u00e7\u00e3o n\u00e3o se limita ao ensino apenas de conceitos acad\u00e9micos. Trata-se de qualificar o indiv\u00edduo [&hellip;]<\/p>\n","protected":false},"author":1,"featured_media":305,"comment_status":"open","ping_status":"open","sticky":false,"template":"","format":"standard","meta":{"om_disable_all_campaigns":false,"_monsterinsights_skip_tracking":false,"_monsterinsights_sitenote_active":false,"_monsterinsights_sitenote_note":"","_monsterinsights_sitenote_category":0,"_themeisle_gutenberg_block_has_review":false,"footnotes":""},"categories":[1],"tags":[],"class_list":["post-304","post","type-post","status-publish","format-standard","has-post-thumbnail","hentry","category-uncategorized"],"aioseo_notices":[],"_links":{"self":[{"href":"https:\/\/externatofernandopessoa.pt\/en\/wp-json\/wp\/v2\/posts\/304","targetHints":{"allow":["GET"]}}],"collection":[{"href":"https:\/\/externatofernandopessoa.pt\/en\/wp-json\/wp\/v2\/posts"}],"about":[{"href":"https:\/\/externatofernandopessoa.pt\/en\/wp-json\/wp\/v2\/types\/post"}],"author":[{"embeddable":true,"href":"https:\/\/externatofernandopessoa.pt\/en\/wp-json\/wp\/v2\/users\/1"}],"replies":[{"embeddable":true,"href":"https:\/\/externatofernandopessoa.pt\/en\/wp-json\/wp\/v2\/comments?post=304"}],"version-history":[{"count":1,"href":"https:\/\/externatofernandopessoa.pt\/en\/wp-json\/wp\/v2\/posts\/304\/revisions"}],"predecessor-version":[{"id":306,"href":"https:\/\/externatofernandopessoa.pt\/en\/wp-json\/wp\/v2\/posts\/304\/revisions\/306"}],"wp:featuredmedia":[{"embeddable":true,"href":"https:\/\/externatofernandopessoa.pt\/en\/wp-json\/wp\/v2\/media\/305"}],"wp:attachment":[{"href":"https:\/\/externatofernandopessoa.pt\/en\/wp-json\/wp\/v2\/media?parent=304"}],"wp:term":[{"taxonomy":"category","embeddable":true,"href":"https:\/\/externatofernandopessoa.pt\/en\/wp-json\/wp\/v2\/categories?post=304"},{"taxonomy":"post_tag","embeddable":true,"href":"https:\/\/externatofernandopessoa.pt\/en\/wp-json\/wp\/v2\/tags?post=304"}],"curies":[{"name":"wp","href":"https:\/\/api.w.org\/{rel}","templated":true}]}}